{"id":830,"date":"2021-07-03T05:44:04","date_gmt":"2021-07-03T08:44:04","guid":{"rendered":"https:\/\/corrientes.tv\/ctvnoticias\/?p=830"},"modified":"2021-07-03T05:44:04","modified_gmt":"2021-07-03T08:44:04","slug":"vacunacion-segunda-dosis-en-corrientes","status":"publish","type":"post","link":"https:\/\/www.corrientes.tv\/ctvnoticias\/?p=830","title":{"rendered":"Vacunaci\u00f3n Segunda d\u00f3sis en Corrientes"},"content":{"rendered":"<p>Hoy en la ciudad de Corrientes se contin\u00faa con la vacunaci\u00f3n de la segunda d\u00f3sis ( sin inscripci\u00f3n, por orden llegada) de Astrazeneca y Sinopharm en el club Juventus de 8 a 12 hrs y en el hospital Llano para personal de salud en el mismo horario.<\/p>\n<p>Fuente: CTV NOTICIAS<\/p>\n","protected":false},"excerpt":{"rendered":"<p>Hoy en la ciudad de Corrientes se contin\u00faa con la vacunaci\u00f3n de la segunda d\u00f3sis ( sin inscripci\u00f3n, por orden llegada) de Astrazeneca y Sinopharm en el club Juventus de 8 a 12 hrs y en el hospital Llano para personal de salud en el mismo horario. Fuente: CTV NOTICIAS<\/p>\n","protected":false},"author":1,"featured_media":594,"comment_status":"open","ping_status":"open","sticky":false,"template":"","format":"standard","meta":{"footnotes":""},"categories":[4],"tags":[],"class_list":["post-830","post","type-post","status-publish","format-standard","has-post-thumbnail","hentry","category-noticias-locales-de-corrientes","gallery-content-unit"],"_links":{"self":[{"href":"https:\/\/www.corrientes.tv\/ctvnoticias\/index.php?rest_route=\/wp\/v2\/posts\/830","targetHints":{"allow":["GET"]}}],"collection":[{"href":"https:\/\/www.corrientes.tv\/ctvnoticias\/index.php?rest_route=\/wp\/v2\/posts"}],"about":[{"href":"https:\/\/www.corrientes.tv\/ctvnoticias\/index.php?rest_route=\/wp\/v2\/types\/post"}],"author":[{"embeddable":true,"href":"https:\/\/www.corrientes.tv\/ctvnoticias\/index.php?rest_route=\/wp\/v2\/users\/1"}],"replies":[{"embeddable":true,"href":"https:\/\/www.corrientes.tv\/ctvnoticias\/index.php?rest_route=%2Fwp%2Fv2%2Fcomments&post=830"}],"version-history":[{"count":1,"href":"https:\/\/www.corrientes.tv\/ctvnoticias\/index.php?rest_route=\/wp\/v2\/posts\/830\/revisions"}],"predecessor-version":[{"id":831,"href":"https:\/\/www.corrientes.tv\/ctvnoticias\/index.php?rest_route=\/wp\/v2\/posts\/830\/revisions\/831"}],"wp:featuredmedia":[{"embeddable":true,"href":"https:\/\/www.corrientes.tv\/ctvnoticias\/index.php?rest_route=\/wp\/v2\/media\/594"}],"wp:attachment":[{"href":"https:\/\/www.corrientes.tv\/ctvnoticias\/index.php?rest_route=%2Fwp%2Fv2%2Fmedia&parent=830"}],"wp:term":[{"taxonomy":"category","embeddable":true,"href":"https:\/\/www.corrientes.tv\/ctvnoticias\/index.php?rest_route=%2Fwp%2Fv2%2Fcategories&post=830"},{"taxonomy":"post_tag","embeddable":true,"href":"https:\/\/www.corrientes.tv\/ctvnoticias\/index.php?rest_route=%2Fwp%2Fv2%2Ftags&post=830"}],"curies":[{"name":"wp","href":"https:\/\/api.w.org\/{rel}","templated":true}]}}