{"id":856,"date":"2021-07-09T22:31:06","date_gmt":"2021-07-10T01:31:06","guid":{"rendered":"https:\/\/www.corrientes.tv\/ctvnoticias\/?p=856"},"modified":"2021-07-09T22:31:06","modified_gmt":"2021-07-10T01:31:06","slug":"marcha-contra-la-excarcelacion-del-empresario-correntino-que-atropello-y-mato-a-un-padre-y-su-hijo","status":"publish","type":"post","link":"https:\/\/www.corrientes.tv\/ctvnoticias\/?p=856","title":{"rendered":"Marcha contra la excarcelaci\u00f3n del empresario correntino que atropell\u00f3 y mat\u00f3 a un padre y su hijo"},"content":{"rendered":"<p>Familiares, amigos y vecinos de \u00c1ngel Gonz\u00e1lez (33) y de su hijo Mateo (12), v\u00edctimas fatales tras ser atropellados por el empresario Mat\u00edas Piattoni, marcharon hoy en la capital de Corrientes junto a la viuda, Karen Cufr\u00e9, para pedir justicia, tras el cambio de car\u00e1tula y el otorgamiento de la excarcelaci\u00f3n.<\/p>\n<p>La C\u00e1mara de Apelaciones de Corrientes le otorg\u00f3 al empresario gastron\u00f3mico, la excarcelaci\u00f3n tras disponer el cambio de car\u00e1tula.<\/p>\n<p>Piattoni hab\u00eda sido imputado en primera instancia por doble homicidio simple con dolo eventual (posible pena de 8 a 25 a\u00f1os) y ahora la car\u00e1tula pas\u00f3 a ser de homicidio culposo (posible pena de 2 a 6 a\u00f1os de prisi\u00f3n), por lo que la querella anunci\u00f3 que apelar\u00e1 la medida.<\/p>\n<p>El abogado de la querella, Gaspar Moreno, dijo hoy en declaraciones a T\u00e9lam que \u00abel fundamento de la jueza Josefina Gonz\u00e1lez Caba\u00f1as en primera instancia estuvo muy bien, con claridad y precisi\u00f3n pero lamentablemente la C\u00e1mara ha dado vuelta ese fallo\u00bb.<\/p>\n<p>\u00abEst\u00e1n por dejar en libertad a un hombre peligroso\u00bb, cuestion\u00f3 el letrado y agreg\u00f3 que Piattoni \u00abya estaba inhabilitado para manejar y mat\u00f3 en estado de ebriedad, en uso de estupefacientes, en alt\u00edsima velocidad y con un carnet de conductor ap\u00f3crifo\u00bb.<\/p>\n<p>Por su parte, tras la marcha que se realiz\u00f3 hoy por las calles del microcentro de la Capital, la viuda de Gonz\u00e1lez, Karen Cufr\u00e9, cuestion\u00f3 la decisi\u00f3n judicial.<\/p>\n<p>\u00abNo encuentran motivo para el dolo eventual, es incre\u00edble, nos dieron la espalda\u00bb, expres\u00f3 la mujer en di\u00e1logo con T\u00e9lam.<\/p>\n<p>Manifest\u00f3 adem\u00e1s \u00abque Piattoni tenga la posibilidad de estar en libertad es un baldazo de agua fr\u00eda para nosotros, volvimos para atr\u00e1s, pero vamos a pelear hasta lo \u00faltimo\u00bb.<\/p>\n<p>\u00abEsto me da m\u00e1s fuerza, no voy a parar hasta que se haga justicia\u00bb, dijo la mam\u00e1 de Mateo (12), que perdi\u00f3 la vida tras ser atropellado, de Maite (11) y M\u00e1ximo de 4 a\u00f1os.<\/p>\n<p>Agradeci\u00f3 finalmente el acompa\u00f1amiento de vecinos, amigos, compa\u00f1eros de trabajo de \u00c1ngel, efectivo del Ej\u00e9rcito, y compa\u00f1eritos de Mateo, que asistieron a la marcha que se realiz\u00f3 hoy.<\/p>\n<p>\u00abTodos est\u00e1n pendientes de la causa y presentes, me brindan todo su apoyo, organizaremos una marcha con m\u00e1s tiempo y m\u00e1s multitudinaria, no vamos a parar\u00bb, concluy\u00f3.<\/p>\n<p>El 13 de febrero de este a\u00f1o, Piattoni embisti\u00f3 con su Ford Mustang a Gonz\u00e1lez y su hijo que se trasladaban a bordo de una moto 110 CC y ambos perdieron la vida en el acto.<\/p>\n<p>El tr\u00e1gico hecho tuvo lugar en el kil\u00f3metro 1038 de la Ruta Nacional 12, a la 6,30 de la ma\u00f1ana, cuando el padre y su hijo se dirig\u00edan a pescar y el conductor del veh\u00edculo de alta gama regresaba de un encuentro con amigos, aseguraron fuentes judiciales.<\/p>\n<p>El informe oficial sobre los an\u00e1lisis toxicol\u00f3gicos a Matias Piattoni en esa oportunidad determinaron el empresario gastron\u00f3mico hab\u00eda consumido Metilendioxi-metanfetamina( MDMA) \u00abuna droga de dise\u00f1o com\u00fanmente encontrada en las tabletas de \u00e9xtasis\u00bb y ten\u00eda 1,75 gramos de alcohol por litro de sangre.<\/p>\n<p>Fuente: Telam SE<\/p>\n","protected":false},"excerpt":{"rendered":"<p>Familiares, amigos y vecinos de \u00c1ngel Gonz\u00e1lez (33) y de su hijo Mateo (12), v\u00edctimas fatales tras ser atropellados por el empresario Mat\u00edas Piattoni, marcharon hoy en la capital de Corrientes junto a la viuda, Karen Cufr\u00e9, para pedir justicia, tras el cambio de car\u00e1tula y el otorgamiento de la excarcelaci\u00f3n. La C\u00e1mara de Apelaciones [&hellip;]<\/p>\n","protected":false},"author":1,"featured_media":857,"comment_status":"open","ping_status":"open","sticky":false,"template":"","format":"standard","meta":{"footnotes":""},"categories":[4,5],"tags":[],"class_list":["post-856","post","type-post","status-publish","format-standard","has-post-thumbnail","hentry","category-noticias-locales-de-corrientes","category-noticias-provinciales-de-corrientes","gallery-content-unit"],"_links":{"self":[{"href":"https:\/\/www.corrientes.tv\/ctvnoticias\/index.php?rest_route=\/wp\/v2\/posts\/856","targetHints":{"allow":["GET"]}}],"collection":[{"href":"https:\/\/www.corrientes.tv\/ctvnoticias\/index.php?rest_route=\/wp\/v2\/posts"}],"about":[{"href":"https:\/\/www.corrientes.tv\/ctvnoticias\/index.php?rest_route=\/wp\/v2\/types\/post"}],"author":[{"embeddable":true,"href":"https:\/\/www.corrientes.tv\/ctvnoticias\/index.php?rest_route=\/wp\/v2\/users\/1"}],"replies":[{"embeddable":true,"href":"https:\/\/www.corrientes.tv\/ctvnoticias\/index.php?rest_route=%2Fwp%2Fv2%2Fcomments&post=856"}],"version-history":[{"count":1,"href":"https:\/\/www.corrientes.tv\/ctvnoticias\/index.php?rest_route=\/wp\/v2\/posts\/856\/revisions"}],"predecessor-version":[{"id":858,"href":"https:\/\/www.corrientes.tv\/ctvnoticias\/index.php?rest_route=\/wp\/v2\/posts\/856\/revisions\/858"}],"wp:featuredmedia":[{"embeddable":true,"href":"https:\/\/www.corrientes.tv\/ctvnoticias\/index.php?rest_route=\/wp\/v2\/media\/857"}],"wp:attachment":[{"href":"https:\/\/www.corrientes.tv\/ctvnoticias\/index.php?rest_route=%2Fwp%2Fv2%2Fmedia&parent=856"}],"wp:term":[{"taxonomy":"category","embeddable":true,"href":"https:\/\/www.corrientes.tv\/ctvnoticias\/index.php?rest_route=%2Fwp%2Fv2%2Fcategories&post=856"},{"taxonomy":"post_tag","embeddable":true,"href":"https:\/\/www.corrientes.tv\/ctvnoticias\/index.php?rest_route=%2Fwp%2Fv2%2Ftags&post=856"}],"curies":[{"name":"wp","href":"https:\/\/api.w.org\/{rel}","templated":true}]}}