{"id":992,"date":"2021-08-30T13:24:58","date_gmt":"2021-08-30T16:24:58","guid":{"rendered":"https:\/\/www.corrientes.tv\/ctvnoticias\/?p=992"},"modified":"2021-08-30T13:24:58","modified_gmt":"2021-08-30T16:24:58","slug":"se-iniciaron-con-demoras-los-comicios-provinciales-en-corrientes","status":"publish","type":"post","link":"https:\/\/www.corrientes.tv\/ctvnoticias\/?p=992","title":{"rendered":"Se iniciaron con demoras los comicios provinciales en Corrientes"},"content":{"rendered":"<p>Los comicios provinciales en Corrientes para elegir gobernador y vice, legisladores, intendentes y concejales se iniciaron hoy con demoras en gran parte de los establecimientos educativos dispuestos para sufragar.<\/p>\n<p>Se presume que la tardanza se debe al incremento de escuelas y mesas para los electores y a las medidas sanitarias adoptadas con el fin de evitar la concentraci\u00f3n por la pandemia de coronavirus.<\/p>\n<p>No obstante, el ministro de Seguridad de la provincia, Juan Jos\u00e9 L\u00f3pez Desimoni, afirm\u00f3 hoy que el acto el electoral se inici\u00f3 \u00abcon total normalidad\u00bb tanto en la Capital como en el interior.<\/p>\n<p>La jornada electoral se desarrolla en Corrientes en un d\u00eda soleado en todo el territorio provincial, donde se espera una temperatura m\u00e1xima de 27 grados.<\/p>\n<p>M\u00e1s de 860 mil correntinos est\u00e1n habilitados para votar en las elecciones provinciales para elegir gobernador, intendentes y legisladores, en una competencia polarizada entre la alianza gobernante ECO+Vamos Corrientes y el Frente Corrientes de Todos.<\/p>\n<p>La disputa por la gobernaci\u00f3n enfrenta a la f\u00f3rmula Gustavo Vald\u00e9s-Pedro Braillard Poccard, de la alianza liderada por la Uni\u00f3n C\u00edvica Radical, y a la dupla peronista Fabi\u00e1n R\u00edos-Mart\u00edn Barrionuevo.<\/p>\n<p>Corrientes elige gobernador y vice, cinco senadores y 15 diputados provinciales, as\u00ed como intendentes y concejales en 57 municipios.<\/p>\n<p>Son en total 868.288 los electores habilitados para emitir el sufragio en toda la provincia en 853 escuelas en las que est\u00e1n distribuidas 2.566 mesas.<\/p>\n<p>FUente:TELAM SE<\/p>\n","protected":false},"excerpt":{"rendered":"<p>Los comicios provinciales en Corrientes para elegir gobernador y vice, legisladores, intendentes y concejales se iniciaron hoy con demoras en gran parte de los establecimientos educativos dispuestos para sufragar. Se presume que la tardanza se debe al incremento de escuelas y mesas para los electores y a las medidas sanitarias adoptadas con el fin de [&hellip;]<\/p>\n","protected":false},"author":1,"featured_media":993,"comment_status":"open","ping_status":"open","sticky":false,"template":"","format":"standard","meta":{"footnotes":""},"categories":[4,5],"tags":[],"class_list":["post-992","post","type-post","status-publish","format-standard","has-post-thumbnail","hentry","category-noticias-locales-de-corrientes","category-noticias-provinciales-de-corrientes","gallery-content-unit"],"_links":{"self":[{"href":"https:\/\/www.corrientes.tv\/ctvnoticias\/index.php?rest_route=\/wp\/v2\/posts\/992","targetHints":{"allow":["GET"]}}],"collection":[{"href":"https:\/\/www.corrientes.tv\/ctvnoticias\/index.php?rest_route=\/wp\/v2\/posts"}],"about":[{"href":"https:\/\/www.corrientes.tv\/ctvnoticias\/index.php?rest_route=\/wp\/v2\/types\/post"}],"author":[{"embeddable":true,"href":"https:\/\/www.corrientes.tv\/ctvnoticias\/index.php?rest_route=\/wp\/v2\/users\/1"}],"replies":[{"embeddable":true,"href":"https:\/\/www.corrientes.tv\/ctvnoticias\/index.php?rest_route=%2Fwp%2Fv2%2Fcomments&post=992"}],"version-history":[{"count":1,"href":"https:\/\/www.corrientes.tv\/ctvnoticias\/index.php?rest_route=\/wp\/v2\/posts\/992\/revisions"}],"predecessor-version":[{"id":994,"href":"https:\/\/www.corrientes.tv\/ctvnoticias\/index.php?rest_route=\/wp\/v2\/posts\/992\/revisions\/994"}],"wp:featuredmedia":[{"embeddable":true,"href":"https:\/\/www.corrientes.tv\/ctvnoticias\/index.php?rest_route=\/wp\/v2\/media\/993"}],"wp:attachment":[{"href":"https:\/\/www.corrientes.tv\/ctvnoticias\/index.php?rest_route=%2Fwp%2Fv2%2Fmedia&parent=992"}],"wp:term":[{"taxonomy":"category","embeddable":true,"href":"https:\/\/www.corrientes.tv\/ctvnoticias\/index.php?rest_route=%2Fwp%2Fv2%2Fcategories&post=992"},{"taxonomy":"post_tag","embeddable":true,"href":"https:\/\/www.corrientes.tv\/ctvnoticias\/index.php?rest_route=%2Fwp%2Fv2%2Ftags&post=992"}],"curies":[{"name":"wp","href":"https:\/\/api.w.org\/{rel}","templated":true}]}}