{"id":995,"date":"2021-08-30T13:30:29","date_gmt":"2021-08-30T16:30:29","guid":{"rendered":"https:\/\/www.corrientes.tv\/ctvnoticias\/?p=995"},"modified":"2022-06-14T14:39:47","modified_gmt":"2022-06-14T17:39:47","slug":"voto-mas-del-65-del-electorado-y-cerro-con-normalidad-la-eleccion-en-corrientes","status":"publish","type":"post","link":"https:\/\/www.corrientes.tv\/ctvnoticias\/?p=995","title":{"rendered":"Vot\u00f3 m\u00e1s del 65% del electorado y cerr\u00f3 con normalidad la elecci\u00f3n en Corrientes"},"content":{"rendered":"<p>Con una afluencia superior al 65% del electorado cerraron esta tarde con normalidad las elecciones a gobernador, legisladores, intendentes y concejales de Corrientes, informaron fuentes oficiales a Telam.<\/p>\n<p>\u00abNo hubo circunstancias que alteren el proceso electoral a lo largo de los comicios y cerraron con normalidad\u00bb, dijo el jefe de la Polic\u00eda de la provincia, comisario general F\u00e9lix Barboza.<\/p>\n<p>Aunque el cierre se produjo a las 18, pasada esa hora se registraban filas fuera de las escuelas, debido a la aplicaci\u00f3n del protocolo de distanciamiento preventivo del coronavirus.<\/p>\n<p>De acuerdo con una orden de la Junta Electoral, la polic\u00eda certific\u00f3 en cada establecimiento la persona que haya llegado a la fila hasta la hora l\u00edmite y no permiti\u00f3 m\u00e1s asistentes.<\/p>\n<p>\u00abLa orden de la Junta Electoral indica que a las 18 se cortan las filas, por lo que votar\u00e1n hasta despu\u00e9s de esa hora quienes hayan llegado y permanezcan adentro o afuera, pero es necesario mantener el distanciamiento\u00bb, indic\u00f3 el jefe policial.<\/p>\n<p>Seg\u00fan la informaci\u00f3n manejada por la fuerza, concurri\u00f3 a votar m\u00e1s del 65% del electorado de un padr\u00f3n de m\u00e1s de 860.000 electores en toda la provincia.<\/p>\n<p>La misma fuente precis\u00f3 que hubo puntos comiciales en los que el \u00edndice super\u00f3 el 75%.<\/p>\n<p>En los comicios de este domingo la provincia elige gobernador y vice, intendentes y concejales en 57 comunas, as\u00ed como 15 diputados y cinco senadores provinciales.<\/p>\n<p>Fuente:TELAM SE<\/p>\n","protected":false},"excerpt":{"rendered":"<p>Con una afluencia superior al 65% del electorado cerraron esta tarde con normalidad las elecciones a gobernador, legisladores, intendentes y concejales de Corrientes, informaron fuentes oficiales a Telam. \u00abNo hubo circunstancias que alteren el proceso electoral a lo largo de los comicios y cerraron con normalidad\u00bb, dijo el jefe de la Polic\u00eda de la provincia, [&hellip;]<\/p>\n","protected":false},"author":1,"featured_media":970,"comment_status":"open","ping_status":"open","sticky":false,"template":"","format":"standard","meta":{"footnotes":""},"categories":[5],"tags":[],"class_list":["post-995","post","type-post","status-publish","format-standard","has-post-thumbnail","hentry","category-noticias-provinciales-de-corrientes","gallery-content-unit"],"_links":{"self":[{"href":"https:\/\/www.corrientes.tv\/ctvnoticias\/index.php?rest_route=\/wp\/v2\/posts\/995","targetHints":{"allow":["GET"]}}],"collection":[{"href":"https:\/\/www.corrientes.tv\/ctvnoticias\/index.php?rest_route=\/wp\/v2\/posts"}],"about":[{"href":"https:\/\/www.corrientes.tv\/ctvnoticias\/index.php?rest_route=\/wp\/v2\/types\/post"}],"author":[{"embeddable":true,"href":"https:\/\/www.corrientes.tv\/ctvnoticias\/index.php?rest_route=\/wp\/v2\/users\/1"}],"replies":[{"embeddable":true,"href":"https:\/\/www.corrientes.tv\/ctvnoticias\/index.php?rest_route=%2Fwp%2Fv2%2Fcomments&post=995"}],"version-history":[{"count":1,"href":"https:\/\/www.corrientes.tv\/ctvnoticias\/index.php?rest_route=\/wp\/v2\/posts\/995\/revisions"}],"predecessor-version":[{"id":996,"href":"https:\/\/www.corrientes.tv\/ctvnoticias\/index.php?rest_route=\/wp\/v2\/posts\/995\/revisions\/996"}],"wp:featuredmedia":[{"embeddable":true,"href":"https:\/\/www.corrientes.tv\/ctvnoticias\/index.php?rest_route=\/wp\/v2\/media\/970"}],"wp:attachment":[{"href":"https:\/\/www.corrientes.tv\/ctvnoticias\/index.php?rest_route=%2Fwp%2Fv2%2Fmedia&parent=995"}],"wp:term":[{"taxonomy":"category","embeddable":true,"href":"https:\/\/www.corrientes.tv\/ctvnoticias\/index.php?rest_route=%2Fwp%2Fv2%2Fcategories&post=995"},{"taxonomy":"post_tag","embeddable":true,"href":"https:\/\/www.corrientes.tv\/ctvnoticias\/index.php?rest_route=%2Fwp%2Fv2%2Ftags&post=995"}],"curies":[{"name":"wp","href":"https:\/\/api.w.org\/{rel}","templated":true}]}}