{"id":997,"date":"2021-08-30T13:35:04","date_gmt":"2021-08-30T16:35:04","guid":{"rendered":"https:\/\/www.corrientes.tv\/ctvnoticias\/?p=997"},"modified":"2022-07-02T19:48:02","modified_gmt":"2022-07-02T22:48:02","slug":"gana-valdes-en-corrientes-con-mas-del-75-de-los-votos-con-el-5-de-mesas-escrutadas","status":"publish","type":"post","link":"https:\/\/www.corrientes.tv\/ctvnoticias\/?p=997","title":{"rendered":"Gana Vald\u00e9s en Corrientes con m\u00e1s del 75% de los votos con el 5% de mesas escrutadas"},"content":{"rendered":"<p>(Corrige informaci\u00f3n en el \u00faltimo p\u00e1rrafo)<\/p>\n<p>El gobernador de Corrientes, Gustavo Vald\u00e9s, obten\u00eda esta noche un triunfo que de confirmarse le permitir\u00e1 su reelecci\u00f3n con cerca del 75 por ciento de los votos, seg\u00fan indican los primeros datos oficiales, y el Frente Corrientes de Todos se ubicaba segundo con poco m\u00e1s del 24 por ciento de los sufragios.<\/p>\n<p>De acuerdo con los guarismos oficiales, correspondientes al 5 por ciento de las mesas escrutadas, el actual mandatario de Corrientes lograba el 75,5 por ciento de los sufragios.<\/p>\n<p>El peronista Frente Corrientes de Todos, que postulaba la f\u00f3rmula de Fabi\u00e1n R\u00edos y Mart\u00edn Barrionuevo, lograba el 24,25 por ciento de los votos, equivalente a 6933 sufragios.<\/p>\n<p>En la categor\u00eda a senadores provinciales, el resultado es favorable a la alianza oficialista, Encuentro por Corrientes (ECO) + Vamos Corrientes, con el 75,23 por ciento de los votos computados, con lo cual el Gobierno provincial se quedar\u00eda con la mayor\u00eda de las cinco bancas que se renuevan en ese cuerpo.<\/p>\n<p>Asimismo, para diputados provinciales, ECO+Vamos Corrientes lograba el 76,43 por ciento de los votos, de modo que se quedaba con la mayor proporci\u00f3n de los 15 esca\u00f1os que se eleg\u00edan en esa categor\u00eda, en la cual el Frente Corrientes de Todos lograba el 23,57 por ciento.<\/p>\n<p>Fuente: TELAM SE<\/p>\n","protected":false},"excerpt":{"rendered":"<p>(Corrige informaci\u00f3n en el \u00faltimo p\u00e1rrafo) El gobernador de Corrientes, Gustavo Vald\u00e9s, obten\u00eda esta noche un triunfo que de confirmarse le permitir\u00e1 su reelecci\u00f3n con cerca del 75 por ciento de los votos, seg\u00fan indican los primeros datos oficiales, y el Frente Corrientes de Todos se ubicaba segundo con poco m\u00e1s del 24 por ciento [&hellip;]<\/p>\n","protected":false},"author":1,"featured_media":1206,"comment_status":"open","ping_status":"open","sticky":false,"template":"","format":"standard","meta":{"footnotes":""},"categories":[5],"tags":[],"class_list":["post-997","post","type-post","status-publish","format-standard","has-post-thumbnail","hentry","category-noticias-provinciales-de-corrientes","gallery-content-unit"],"_links":{"self":[{"href":"https:\/\/www.corrientes.tv\/ctvnoticias\/index.php?rest_route=\/wp\/v2\/posts\/997","targetHints":{"allow":["GET"]}}],"collection":[{"href":"https:\/\/www.corrientes.tv\/ctvnoticias\/index.php?rest_route=\/wp\/v2\/posts"}],"about":[{"href":"https:\/\/www.corrientes.tv\/ctvnoticias\/index.php?rest_route=\/wp\/v2\/types\/post"}],"author":[{"embeddable":true,"href":"https:\/\/www.corrientes.tv\/ctvnoticias\/index.php?rest_route=\/wp\/v2\/users\/1"}],"replies":[{"embeddable":true,"href":"https:\/\/www.corrientes.tv\/ctvnoticias\/index.php?rest_route=%2Fwp%2Fv2%2Fcomments&post=997"}],"version-history":[{"count":1,"href":"https:\/\/www.corrientes.tv\/ctvnoticias\/index.php?rest_route=\/wp\/v2\/posts\/997\/revisions"}],"predecessor-version":[{"id":999,"href":"https:\/\/www.corrientes.tv\/ctvnoticias\/index.php?rest_route=\/wp\/v2\/posts\/997\/revisions\/999"}],"wp:featuredmedia":[{"embeddable":true,"href":"https:\/\/www.corrientes.tv\/ctvnoticias\/index.php?rest_route=\/wp\/v2\/media\/1206"}],"wp:attachment":[{"href":"https:\/\/www.corrientes.tv\/ctvnoticias\/index.php?rest_route=%2Fwp%2Fv2%2Fmedia&parent=997"}],"wp:term":[{"taxonomy":"category","embeddable":true,"href":"https:\/\/www.corrientes.tv\/ctvnoticias\/index.php?rest_route=%2Fwp%2Fv2%2Fcategories&post=997"},{"taxonomy":"post_tag","embeddable":true,"href":"https:\/\/www.corrientes.tv\/ctvnoticias\/index.php?rest_route=%2Fwp%2Fv2%2Ftags&post=997"}],"curies":[{"name":"wp","href":"https:\/\/api.w.org\/{rel}","templated":true}]}}